{"id":15,"date":"2026-09-05T20:32:52","date_gmt":"2026-09-05T23:32:52","guid":{"rendered":"https:\/\/lazer.pnn.lat\/?p=15"},"modified":"2026-09-06T04:47:08","modified_gmt":"2026-09-06T07:47:08","slug":"sepultura-no-multishow-o-retorno-do-metal-pesado-cena-cultural-brasileira","status":"publish","type":"post","link":"https:\/\/lazer.pnn.lat\/index.php\/2026\/09\/05\/sepultura-no-multishow-o-retorno-do-metal-pesado-cena-cultural-brasileira\/","title":{"rendered":"#Sepultura No Multishow: O Retorno do Metal Pesado \u00e0 Cena Cultural Brasileira"},"content":{"rendered":"\n<h2 class=\"wp-block-heading\">#Sepultura No Multishow: O Retorno do Metal Pesado \u00e0 Cena Cultural Brasileira<\/h2>\n\n\n\n<p class=\"wp-block-paragraph\">O grupo Sepultura confirma sua presen\u00e7a no Multishow, e a data foi divulgada oficialmente para o pr\u00f3ximo semestre. <a href=\"https:\/\/tec.dnn.lat\/games\/ccxp25-amplia-presenca-dos-games-e-reforca-protagonismo-do-publico-gamer-no-maior-evento-de-cultura-pop-do-brasil\/\" target=\"_blank\" rel=\"noopener\">CCXP25 amplia presen\u00e7a dos games e refor\u00e7a protagonismo do p\u00fablico&#8230;<\/a><\/p>\n\n\n\n<figure class=\"wp-block-image\"><img decoding=\"async\" src=\"https:\/\/lazer.pnn.lat\/wp-content\/uploads\/2026\/09\/jotha-jotha-33952c78-featured_00001_-1.webp\" alt=\"#Sepultura No Multishow: O Retorno do Metal Pesado \u00e0 Cena Cultural Brasileira\"\/><\/figure>\n\n\n\n<p class=\"wp-block-paragraph\">Al\u00e9m disso, os ingressos j\u00e1 est\u00e3o dispon\u00edveis na bilheteria online, com pre\u00e7os variando de acordo com a capacidade da arena.<\/p>\n\n\n\n<p class=\"wp-block-paragraph\">Todavia, \u00e9 necess\u00e1rio aten\u00e7\u00e3o aos detalhes log\u00edsticos, pois o tr\u00e2nsito em S\u00e3o Paulo tende a congestionar-se.<\/p>\n\n\n\n<h3 class=\"wp-block-heading\">O Legado Cultural da Banda no Brasil<\/h3>\n\n\n\n<p class=\"wp-block-paragraph\">A banda construiu uma trajet\u00f3ria impressionante desde sua forma\u00e7\u00e3o na d\u00e9cada de 80, marcando \u00e9poca na cena nacional e internacional.<\/p>\n\n\n\n<p class=\"wp-block-paragraph\"><sup>Nota:<\/sup><\/p>\n\n\n\n<p class=\"wp-block-paragraph\">No entanto, a m\u00fasica evoluiu muito desde ent\u00e3o, e o p\u00fablico contempor\u00e2neo busca novas refer\u00eancias sonoras constantemente.<\/p>\n\n\n\n<p class=\"wp-block-paragraph\">Por outro lado, artistas atuais mant\u00eam viva a chama do thrash metal, incentivando novos talentos surgirem nas universidades de m\u00fasica.<\/p>\n\n\n\n<p class=\"wp-block-paragraph\"><sup>Nota:<\/sup><\/p>\n\n\n\n<p class=\"wp-block-paragraph\">Em contrapartida, alguns cr\u00edticos argumentam que o estilo original perdeu espa\u00e7o para experimenta\u00e7\u00f5es mais eletr\u00f4nicas nos festivais recentes.<\/p>\n\n\n\n<p class=\"wp-block-paragraph\">Contudo, a ess\u00eancia da banda permanece intacta em sua \u00faltima apresenta\u00e7\u00e3o ao vivo no pa\u00eds.<\/p>\n\n\n\n<h3 class=\"wp-block-heading\">Detalhes e Log\u00edstica do Show<\/h3>\n\n\n\n<p class=\"wp-block-paragraph\">O Multishow prepara o local com estrutura de som de alta performance para garantir uma experi\u00eancia sonora impec\u00e1vel.<\/p>\n\n\n\n<p class=\"wp-block-paragraph\">Inclusive, a equipe de seguran\u00e7a j\u00e1 treinou rotas de entrada para facilitar o fluxo da multid\u00e3o dentro da arena.<\/p>\n\n\n\n<p class=\"wp-block-paragraph\"><sup>Nota:<\/sup><\/p>\n\n\n\n<p class=\"wp-block-paragraph\">Ademais, o restaurante oficial do evento oferecer\u00e1 menus especiais com temas inspirados na hist\u00f3ria da banda.<\/p>\n\n\n\n<p class=\"wp-block-paragraph\">Por conseguinte, os organizadores recomendam que a entrada no local ocorra pelo menos uma hora antes do in\u00edcio das apresenta\u00e7\u00f5es.<\/p>\n\n\n\n<h3 class=\"wp-block-heading\">Dados Comparativos de Ingressos<\/h3>\n\n\n\n<p class=\"wp-block-paragraph\">Vamos comparar o custo-benef\u00edcio deste evento com outras atra\u00e7\u00f5es musicais realizadas nas capitais nos \u00faltimos meses para orientar seu planejamento financeiro.<\/p>\n\n\n\n<figure class=\"wp-block-table jotha-table\"><table class=\"has-fixed-layout\"><thead><tr><th>Evento Cultural<\/th><th>Cidade<\/th><th>Custo M\u00e9dio do Ingresso<\/th><\/tr><\/thead><tbody><tr><td>Sepultura no Multishow<\/td><td>S\u00e3o Paulo (SP)<\/td><td>R$ 180,00<\/td><\/tr><tr><td>Festival Rock Bras\u00edlia<\/td><td>Bras\u00edlia (DF)<\/td><td>R$ 95,00<\/td><\/tr><tr><td>Show de Jazz em Curitiba<\/td><td>Curitiba (PR)<\/td><td>R$ 75,00<\/td><\/tr><tr><td>Festa de Inverno no Rio<\/td><td>Rio de Janeiro (RJ)<\/td><td>R$ 120,00<\/td><\/tr><\/tbody><\/table><\/figure>\n\n\n\n<p class=\"wp-block-paragraph\">Como voc\u00ea pode observar na tabela acima, o show da banda em S\u00e3o Paulo tem o custo m\u00e9dio mais elevado devido ao valor do d\u00f3lar e aos custos de produ\u00e7\u00e3o.<\/p>\n\n\n\n<p class=\"wp-block-paragraph\">Por\u00e9m, o retorno cultural justifica o investimento para os f\u00e3s que priorizam a experi\u00eancia presencial sobre as grava\u00e7\u00f5es digitais.<\/p>\n\n\n\n<h3 class=\"wp-block-heading\">Gastronomia Urbana no entorno<\/h3>\n\n\n\n<p class=\"wp-block-paragraph\">Vizinhos de S\u00e3o Paulo, o bairro da Paulista oferece uma diversidade gastron\u00f4mica incr\u00edvel para quem deseja jantar antes do show come\u00e7ar.<\/p>\n\n\n\n<p class=\"wp-block-paragraph\">Entretanto, os pre\u00e7os variam bastante entre as op\u00e7\u00f5es fast-food e restaurantes tradicionais de alta gastronomia.<\/p>\n\n\n\n<p class=\"wp-block-paragraph\"><sup>Nota:<\/sup><\/p>\n\n\n\n<p class=\"wp-block-paragraph\">No entanto, muitos estabelecimentos oferecem pacotes combinados com ingressos de shows, o que pode reduzir sua conta final.<\/p>\n\n\n\n<h3 class=\"wp-block-heading\">Gastronomia no entorno do show<\/h3>\n\n\n\n<figure class=\"wp-block-table jotha-table\"><table class=\"has-fixed-layout\"><thead><tr><th>Restaurante<\/th><th>Especialidade Sugerida<\/th><th>Pre\u00e7o M\u00e9dio (por pessoa)<\/th><\/tr><\/thead><tbody><tr><td>A Casa do Feij\u00e3o<\/td><td>Feijoada Completa<\/td><td>R$ 42,90<\/td><\/tr><tr><td>Pizza Expresso<\/td><td>Margherita Artesanal<\/td><td>R$ 38,50<\/td><\/tr><tr><td>Burger King do Bairro<\/td><td>Hamb\u00farguer de Pato<\/td><td>R$ 24,90<\/td><\/tr><tr><td>Sushi do Porto<\/td><td>Nigiri Especial<\/td><td>R$ 55,00<\/td><\/tr><\/tbody><\/table><\/figure>\n\n\n\n<p class=\"wp-block-paragraph\">Voc\u00ea pode escolher o local com base no seu or\u00e7amento e na prefer\u00eancia gastron\u00f4mica pessoal.<\/p>\n\n\n\n<p class=\"wp-block-paragraph\">No entanto, \u00e9 prudente reservar a mesa com anteced\u00eancia, pois a \u00e1rea costuma lotar rapidamente durante as noites de shows.<\/p>\n\n\n\n<h3 class=\"wp-block-heading\">Experi\u00eancias Geek e Compras Urbanas<\/h3>\n\n\n\n<p class=\"wp-block-paragraph\">Muitos f\u00e3s utilizam esse per\u00edodo para visitar lojas de merchandising associadas a bandas cl\u00e1ssicas antes do show principal acontecer.<\/p>\n\n\n\n<p class=\"wp-block-paragraph\"><sup>Nota:<\/sup><\/p>\n\n\n\n<p class=\"wp-block-paragraph\">Al\u00e9m disso, existem feiras de livros no mesmo bairro que vendem edi\u00e7\u00f5es especiais sobre hist\u00f3ria da m\u00fasica rock brasileira.<\/p>\n\n\n\n<p class=\"wp-block-paragraph\">Por outro lado, o com\u00e9rcio local ganha um impulso econ\u00f4mico significativo nos dias que antecedem o grande evento cultural.<\/p>\n\n\n\n<h3 class=\"wp-block-heading\">Conclus\u00e3o<\/h3>\n\n\n\n<p class=\"wp-block-paragraph\">O retorno do grupo ao pa\u00eds consolida-se como um marco importante para a cultura de entretenimento nacional contempor\u00e2nea.<\/p>\n\n\n\n<p class=\"wp-block-paragraph\">Admite-se, as discuss\u00f5es sobre o futuro da cena musical continuam aquecidas em f\u00f3runs e redes sociais especializadas.<\/p>\n\n\n\n<p class=\"wp-block-paragraph\"><sup>Nota:<\/sup><\/p>\n\n\n\n<figure class=\"wp-block-image\"><img decoding=\"async\" src=\"https:\/\/lazer.pnn.lat\/wp-content\/uploads\/2026\/09\/jotha-jotha-df0d783d-infographic_00001_-1.webp\" alt=\"Infogr\u00e1fico - #Sepultura No Multishow: O Retorno do Metal Pesado \u00e0 Cena Cultural Brasileira\"\/><\/figure>\n\n\n\n<p class=\"wp-block-paragraph\">No entanto, eventos como este provam que o interesse pelo rock pesado permanece vivo entre v\u00e1rias gera\u00e7\u00f5es de ouvintes.<\/p>\n\n\n\n<h3 class=\"wp-block-heading\">Leia tambem<\/h3>\n\n\n\n<ul class=\"wp-block-list\">\n<li><a href=\"https:\/\/esportes.pnn.lat\/2026\/09\/05\/como-o-ufc-paris-transformou-a-cena-do-esporte-internacional-e-o-que-isso-significa-para-o-brasil\/\" target=\"_blank\" rel=\"noopener\">Como o UFC Paris Transformou a Cena do Esporte Internacional e o Que Isso Significa para o Brasil<\/a> <em>(esportes.pnn.lat)<\/em><\/li>\n\n\n\n<li><a href=\"http:\/\/pnn.lat\/entretenimento\/cultura-geek\/ccxp25-fortalece-presenca-dos-animes-e-mangas-e-transforma-o-evento-em-uma-grande-celebracao-da-cultura-japonesa\/\" target=\"_blank\" rel=\"noopener\">CCXP25 fortalece presen\u00e7a dos animes e mang\u00e1s e transforma o evento em uma grande celebra\u00e7\u00e3o da cultura japonesa<\/a> <em>(pnn.lat)<\/em><\/li>\n\n\n\n<li><a href=\"https:\/\/tec.dnn.lat\/internet-seguranca-digital\/violencia-digital-1-em-cada-10-brasileiras-com-16-anos-ou-mais-foi-vitima-no-ultimo-ano\/\" target=\"_blank\" rel=\"noopener\">Viol\u00eancia digital: 1 em cada 10 brasileiras com 16 anos ou mais foi v\u00edtima no \u00faltimo ano<\/a> <em>(tec.dnn.lat)<\/em><\/li>\n\n\n\n<li><a href=\"https:\/\/lazer.pnn.lat\/index.php\/2026\/09\/05\/italiano-na-espn-os-comentaristas-que-transformaram-o-futebol-brasileiro-nas-telas\/\" target=\"_blank\" rel=\"noopener\">Italiano na ESPN: os comentaristas que transformaram o futebol brasileiro nas telas<\/a> <em>(lazer.pnn.lat)<\/em><\/li>\n\n\n\n<li><a href=\"https:\/\/lazer.pnn.lat\/index.php\/2025\/10\/17\/ola-mundo\/\" target=\"_blank\" rel=\"noopener\">Ol\u00e1, mundo!<\/a> <em>(lazer.pnn.lat)<\/em><\/li>\n<\/ul>\n","protected":false},"excerpt":{"rendered":"<p>#Sepultura No Multishow: O Retorno do Metal Pesado \u00e0 Cena Cultural Brasileira O grupo Sepultura confirma sua presen\u00e7a no Multishow, e a data foi divulgada oficialmente para o pr\u00f3ximo semestre. CCXP25 amplia presen\u00e7a dos games e refor\u00e7a protagonismo do p\u00fablico&#8230; Al\u00e9m disso, os ingressos j\u00e1 est\u00e3o dispon\u00edveis na bilheteria online, com pre\u00e7os variando de acordo [&hellip;]<\/p>\n","protected":false},"author":2,"featured_media":13,"comment_status":"closed","ping_status":"open","sticky":false,"template":"","format":"standard","meta":{"footnotes":""},"categories":[3],"tags":[22,20,23,21,19],"class_list":["post-15","post","type-post","status-publish","format-standard","has-post-thumbnail","hentry","category-eventos","tag-metal","tag-multishow","tag-pesado","tag-retorno","tag-sepultura"],"yoast_head":"<!-- This site is optimized with the Yoast SEO plugin v28.4 - https:\/\/yoast.com\/product\/yoast-seo-wordpress\/ -->\n<title>#Sepultura No Multishow: O Retorno do Metal Pesado \u00e0 Cena Cu<\/title>\n<meta name=\"description\" content=\"#Sepultura No Multishow: O Retorno do Metal Pesado \u00e0 Cena Cultural Brasileira O grupo Sepultura confirma sua presen\u00e7a no Multishow, e a data foi divu...\" \/>\n<meta name=\"robots\" content=\"index, follow, max-snippet:-1, max-image-preview:large, max-video-preview:-1\" \/>\n<link rel=\"canonical\" href=\"\/sepultura-no-multishow--o-retorno-do-metal-pesado---cena-cultural-brasileira\/\" \/>\n<meta property=\"og:locale\" content=\"pt_BR\" \/>\n<meta property=\"og:type\" content=\"article\" \/>\n<meta property=\"og:title\" content=\"#Sepultura No Multishow: O Retorno do Metal Pesado \u00e0 Cena Cultural Brasileira\" \/>\n<meta property=\"og:description\" content=\"#Sepultura No Multishow: O Retorno do Metal Pesado \u00e0 Cena Cultural Brasileira O grupo Sepultura confirma sua presen\u00e7a no Multishow, e a data foi divulgada oficialmente para o pr\u00f3x...\" \/>\n<meta property=\"og:url\" content=\"\/sepultura-no-multishow--o-retorno-do-metal-pesado---cena-cultural-brasileira\/\" \/>\n<meta property=\"og:site_name\" content=\"pnn lazer\" \/>\n<meta property=\"article:published_time\" content=\"2026-09-05T23:32:52+00:00\" \/>\n<meta property=\"article:modified_time\" content=\"2026-09-06T07:47:08+00:00\" \/>\n<meta property=\"og:image\" content=\"https:\/\/lazer.pnn.lat\/wp-content\/uploads\/2026\/09\/jotha-jotha-33952c78-featured_00001_-1.webp\" \/>\n\t<meta property=\"og:image:width\" content=\"1920\" \/>\n\t<meta property=\"og:image:height\" content=\"1080\" \/>\n\t<meta property=\"og:image:type\" content=\"image\/webp\" \/>\n<meta name=\"author\" content=\"Roberto Zago Sartori\" \/>\n<meta name=\"twitter:card\" content=\"summary_large_image\" \/>\n<meta name=\"twitter:title\" content=\"#Sepultura No Multishow: O Retorno do Metal Pesado \u00e0 Cena Cultural Bra\" \/>\n<meta name=\"twitter:description\" content=\"#Sepultura No Multishow: O Retorno do Metal Pesado \u00e0 Cena Cultural Brasileira O grupo Sepultura confirma sua presen\u00e7a no Multishow, e a data foi divulgada oficialmente para o pr\u00f3x...\" \/>\n<meta name=\"twitter:label1\" content=\"Escrito por\" \/>\n\t<meta name=\"twitter:data1\" content=\"Roberto Zago Sartori\" \/>\n\t<meta name=\"twitter:label2\" content=\"Est. tempo de leitura\" \/>\n\t<meta name=\"twitter:data2\" content=\"5 minutos\" \/>\n<script type=\"application\/ld+json\" class=\"yoast-schema-graph\">{\"@context\":\"https:\\\/\\\/schema.org\",\"@graph\":[{\"@type\":\"Article\",\"@id\":\"\\\/sepultura-no-multishow--o-retorno-do-metal-pesado---cena-cultural-brasileira\\\/#article\",\"isPartOf\":{\"@id\":\"https:\\\/\\\/lazer.pnn.lat\\\/index.php\\\/2026\\\/09\\\/05\\\/sepultura-no-multishow-o-retorno-do-metal-pesado-cena-cultural-brasileira\\\/\"},\"author\":{\"name\":\"Roberto Zago Sartori\",\"@id\":\"https:\\\/\\\/lazer.pnn.lat\\\/#\\\/schema\\\/person\\\/af90518b1094eb35fee29f07a2bbadcb\"},\"headline\":\"#Sepultura No Multishow: O Retorno do Metal Pesado \u00e0 Cena Cultural Brasileira\",\"datePublished\":\"2026-09-05T23:32:52+00:00\",\"dateModified\":\"2026-09-06T07:47:08+00:00\",\"mainEntityOfPage\":{\"@id\":\"https:\\\/\\\/lazer.pnn.lat\\\/index.php\\\/2026\\\/09\\\/05\\\/sepultura-no-multishow-o-retorno-do-metal-pesado-cena-cultural-brasileira\\\/\"},\"wordCount\":793,\"image\":{\"@id\":\"\\\/sepultura-no-multishow--o-retorno-do-metal-pesado---cena-cultural-brasileira\\\/#primaryimage\"},\"thumbnailUrl\":\"https:\\\/\\\/lazer.pnn.lat\\\/wp-content\\\/uploads\\\/2026\\\/09\\\/jotha-jotha-33952c78-featured_00001_-1.webp\",\"keywords\":[\"Metal\",\"Multishow\",\"Pesado\",\"Retorno\",\"Sepultura\"],\"articleSection\":[\"EVENTOS\"],\"inLanguage\":\"pt-BR\"},{\"@type\":\"WebPage\",\"@id\":\"https:\\\/\\\/lazer.pnn.lat\\\/index.php\\\/2026\\\/09\\\/05\\\/sepultura-no-multishow-o-retorno-do-metal-pesado-cena-cultural-brasileira\\\/\",\"url\":\"\\\/sepultura-no-multishow--o-retorno-do-metal-pesado---cena-cultural-brasileira\\\/\",\"name\":\"#Sepultura No Multishow: O Retorno do Metal Pesado \u00e0 Cena Cu\",\"isPartOf\":{\"@id\":\"https:\\\/\\\/lazer.pnn.lat\\\/#website\"},\"primaryImageOfPage\":{\"@id\":\"\\\/sepultura-no-multishow--o-retorno-do-metal-pesado---cena-cultural-brasileira\\\/#primaryimage\"},\"image\":{\"@id\":\"\\\/sepultura-no-multishow--o-retorno-do-metal-pesado---cena-cultural-brasileira\\\/#primaryimage\"},\"thumbnailUrl\":\"https:\\\/\\\/lazer.pnn.lat\\\/wp-content\\\/uploads\\\/2026\\\/09\\\/jotha-jotha-33952c78-featured_00001_-1.webp\",\"datePublished\":\"2026-09-05T23:32:52+00:00\",\"dateModified\":\"2026-09-06T07:47:08+00:00\",\"author\":{\"@id\":\"https:\\\/\\\/lazer.pnn.lat\\\/#\\\/schema\\\/person\\\/af90518b1094eb35fee29f07a2bbadcb\"},\"description\":\"#Sepultura No Multishow: O Retorno do Metal Pesado \u00e0 Cena Cultural Brasileira O grupo Sepultura confirma sua presen\u00e7a no Multishow, e a data foi divu...\",\"breadcrumb\":{\"@id\":\"\\\/sepultura-no-multishow--o-retorno-do-metal-pesado---cena-cultural-brasileira\\\/#breadcrumb\"},\"inLanguage\":\"pt-BR\",\"potentialAction\":[{\"@type\":\"ReadAction\",\"target\":[\"\\\/sepultura-no-multishow--o-retorno-do-metal-pesado---cena-cultural-brasileira\\\/\"]}]},{\"@type\":\"ImageObject\",\"inLanguage\":\"pt-BR\",\"@id\":\"\\\/sepultura-no-multishow--o-retorno-do-metal-pesado---cena-cultural-brasileira\\\/#primaryimage\",\"url\":\"https:\\\/\\\/lazer.pnn.lat\\\/wp-content\\\/uploads\\\/2026\\\/09\\\/jotha-jotha-33952c78-featured_00001_-1.webp\",\"contentUrl\":\"https:\\\/\\\/lazer.pnn.lat\\\/wp-content\\\/uploads\\\/2026\\\/09\\\/jotha-jotha-33952c78-featured_00001_-1.webp\",\"width\":1920,\"height\":1080},{\"@type\":\"BreadcrumbList\",\"@id\":\"\\\/sepultura-no-multishow--o-retorno-do-metal-pesado---cena-cultural-brasileira\\\/#breadcrumb\",\"itemListElement\":[{\"@type\":\"ListItem\",\"position\":1,\"name\":\"Home\",\"item\":\"https:\\\/\\\/lazer.pnn.lat\\\/\"},{\"@type\":\"ListItem\",\"position\":2,\"name\":\"#Sepultura No Multishow: O Retorno do Metal Pesado \u00e0 Cena Cultural Brasileira\"}]},{\"@type\":\"WebSite\",\"@id\":\"https:\\\/\\\/lazer.pnn.lat\\\/#website\",\"url\":\"https:\\\/\\\/lazer.pnn.lat\\\/\",\"name\":\"pnn lazer\",\"description\":\"\",\"potentialAction\":[{\"@type\":\"SearchAction\",\"target\":{\"@type\":\"EntryPoint\",\"urlTemplate\":\"https:\\\/\\\/lazer.pnn.lat\\\/?s={search_term_string}\"},\"query-input\":{\"@type\":\"PropertyValueSpecification\",\"valueRequired\":true,\"valueName\":\"search_term_string\"}}],\"inLanguage\":\"pt-BR\"},{\"@type\":\"Person\",\"@id\":\"https:\\\/\\\/lazer.pnn.lat\\\/#\\\/schema\\\/person\\\/af90518b1094eb35fee29f07a2bbadcb\",\"name\":\"Roberto Zago Sartori\",\"image\":{\"@type\":\"ImageObject\",\"inLanguage\":\"pt-BR\",\"@id\":\"https:\\\/\\\/secure.gravatar.com\\\/avatar\\\/a10c8b1311960021476ae00ab23f9976c978bd1f686cd2cfa0b65e1754d44411?s=96&d=mm&r=g\",\"url\":\"https:\\\/\\\/secure.gravatar.com\\\/avatar\\\/a10c8b1311960021476ae00ab23f9976c978bd1f686cd2cfa0b65e1754d44411?s=96&d=mm&r=g\",\"contentUrl\":\"https:\\\/\\\/secure.gravatar.com\\\/avatar\\\/a10c8b1311960021476ae00ab23f9976c978bd1f686cd2cfa0b65e1754d44411?s=96&d=mm&r=g\",\"caption\":\"Roberto Zago Sartori\"},\"url\":\"https:\\\/\\\/lazer.pnn.lat\\\/index.php\\\/author\\\/roberto-zago-sartori\\\/\"}]}<\/script>\n<!-- \/ Yoast SEO plugin. -->","yoast_head_json":{"title":"#Sepultura No Multishow: O Retorno do Metal Pesado \u00e0 Cena Cu","description":"#Sepultura No Multishow: O Retorno do Metal Pesado \u00e0 Cena Cultural Brasileira O grupo Sepultura confirma sua presen\u00e7a no Multishow, e a data foi divu...","robots":{"index":"index","follow":"follow","max-snippet":"max-snippet:-1","max-image-preview":"max-image-preview:large","max-video-preview":"max-video-preview:-1"},"canonical":"\/sepultura-no-multishow--o-retorno-do-metal-pesado---cena-cultural-brasileira\/","og_locale":"pt_BR","og_type":"article","og_title":"#Sepultura No Multishow: O Retorno do Metal Pesado \u00e0 Cena Cultural Brasileira","og_description":"#Sepultura No Multishow: O Retorno do Metal Pesado \u00e0 Cena Cultural Brasileira O grupo Sepultura confirma sua presen\u00e7a no Multishow, e a data foi divulgada oficialmente para o pr\u00f3x...","og_url":"\/sepultura-no-multishow--o-retorno-do-metal-pesado---cena-cultural-brasileira\/","og_site_name":"pnn lazer","article_published_time":"2026-09-05T23:32:52+00:00","article_modified_time":"2026-09-06T07:47:08+00:00","og_image":[{"width":1920,"height":1080,"url":"https:\/\/lazer.pnn.lat\/wp-content\/uploads\/2026\/09\/jotha-jotha-33952c78-featured_00001_-1.webp","type":"image\/webp"}],"author":"Roberto Zago Sartori","twitter_card":"summary_large_image","twitter_title":"#Sepultura No Multishow: O Retorno do Metal Pesado \u00e0 Cena Cultural Bra","twitter_description":"#Sepultura No Multishow: O Retorno do Metal Pesado \u00e0 Cena Cultural Brasileira O grupo Sepultura confirma sua presen\u00e7a no Multishow, e a data foi divulgada oficialmente para o pr\u00f3x...","twitter_misc":{"Escrito por":"Roberto Zago Sartori","Est. tempo de leitura":"5 minutos"},"schema":{"@context":"https:\/\/schema.org","@graph":[{"@type":"Article","@id":"\/sepultura-no-multishow--o-retorno-do-metal-pesado---cena-cultural-brasileira\/#article","isPartOf":{"@id":"https:\/\/lazer.pnn.lat\/index.php\/2026\/09\/05\/sepultura-no-multishow-o-retorno-do-metal-pesado-cena-cultural-brasileira\/"},"author":{"name":"Roberto Zago Sartori","@id":"https:\/\/lazer.pnn.lat\/#\/schema\/person\/af90518b1094eb35fee29f07a2bbadcb"},"headline":"#Sepultura No Multishow: O Retorno do Metal Pesado \u00e0 Cena Cultural Brasileira","datePublished":"2026-09-05T23:32:52+00:00","dateModified":"2026-09-06T07:47:08+00:00","mainEntityOfPage":{"@id":"https:\/\/lazer.pnn.lat\/index.php\/2026\/09\/05\/sepultura-no-multishow-o-retorno-do-metal-pesado-cena-cultural-brasileira\/"},"wordCount":793,"image":{"@id":"\/sepultura-no-multishow--o-retorno-do-metal-pesado---cena-cultural-brasileira\/#primaryimage"},"thumbnailUrl":"https:\/\/lazer.pnn.lat\/wp-content\/uploads\/2026\/09\/jotha-jotha-33952c78-featured_00001_-1.webp","keywords":["Metal","Multishow","Pesado","Retorno","Sepultura"],"articleSection":["EVENTOS"],"inLanguage":"pt-BR"},{"@type":"WebPage","@id":"https:\/\/lazer.pnn.lat\/index.php\/2026\/09\/05\/sepultura-no-multishow-o-retorno-do-metal-pesado-cena-cultural-brasileira\/","url":"\/sepultura-no-multishow--o-retorno-do-metal-pesado---cena-cultural-brasileira\/","name":"#Sepultura No Multishow: O Retorno do Metal Pesado \u00e0 Cena Cu","isPartOf":{"@id":"https:\/\/lazer.pnn.lat\/#website"},"primaryImageOfPage":{"@id":"\/sepultura-no-multishow--o-retorno-do-metal-pesado---cena-cultural-brasileira\/#primaryimage"},"image":{"@id":"\/sepultura-no-multishow--o-retorno-do-metal-pesado---cena-cultural-brasileira\/#primaryimage"},"thumbnailUrl":"https:\/\/lazer.pnn.lat\/wp-content\/uploads\/2026\/09\/jotha-jotha-33952c78-featured_00001_-1.webp","datePublished":"2026-09-05T23:32:52+00:00","dateModified":"2026-09-06T07:47:08+00:00","author":{"@id":"https:\/\/lazer.pnn.lat\/#\/schema\/person\/af90518b1094eb35fee29f07a2bbadcb"},"description":"#Sepultura No Multishow: O Retorno do Metal Pesado \u00e0 Cena Cultural Brasileira O grupo Sepultura confirma sua presen\u00e7a no Multishow, e a data foi divu...","breadcrumb":{"@id":"\/sepultura-no-multishow--o-retorno-do-metal-pesado---cena-cultural-brasileira\/#breadcrumb"},"inLanguage":"pt-BR","potentialAction":[{"@type":"ReadAction","target":["\/sepultura-no-multishow--o-retorno-do-metal-pesado---cena-cultural-brasileira\/"]}]},{"@type":"ImageObject","inLanguage":"pt-BR","@id":"\/sepultura-no-multishow--o-retorno-do-metal-pesado---cena-cultural-brasileira\/#primaryimage","url":"https:\/\/lazer.pnn.lat\/wp-content\/uploads\/2026\/09\/jotha-jotha-33952c78-featured_00001_-1.webp","contentUrl":"https:\/\/lazer.pnn.lat\/wp-content\/uploads\/2026\/09\/jotha-jotha-33952c78-featured_00001_-1.webp","width":1920,"height":1080},{"@type":"BreadcrumbList","@id":"\/sepultura-no-multishow--o-retorno-do-metal-pesado---cena-cultural-brasileira\/#breadcrumb","itemListElement":[{"@type":"ListItem","position":1,"name":"Home","item":"https:\/\/lazer.pnn.lat\/"},{"@type":"ListItem","position":2,"name":"#Sepultura No Multishow: O Retorno do Metal Pesado \u00e0 Cena Cultural Brasileira"}]},{"@type":"WebSite","@id":"https:\/\/lazer.pnn.lat\/#website","url":"https:\/\/lazer.pnn.lat\/","name":"pnn lazer","description":"","potentialAction":[{"@type":"SearchAction","target":{"@type":"EntryPoint","urlTemplate":"https:\/\/lazer.pnn.lat\/?s={search_term_string}"},"query-input":{"@type":"PropertyValueSpecification","valueRequired":true,"valueName":"search_term_string"}}],"inLanguage":"pt-BR"},{"@type":"Person","@id":"https:\/\/lazer.pnn.lat\/#\/schema\/person\/af90518b1094eb35fee29f07a2bbadcb","name":"Roberto Zago Sartori","image":{"@type":"ImageObject","inLanguage":"pt-BR","@id":"https:\/\/secure.gravatar.com\/avatar\/a10c8b1311960021476ae00ab23f9976c978bd1f686cd2cfa0b65e1754d44411?s=96&d=mm&r=g","url":"https:\/\/secure.gravatar.com\/avatar\/a10c8b1311960021476ae00ab23f9976c978bd1f686cd2cfa0b65e1754d44411?s=96&d=mm&r=g","contentUrl":"https:\/\/secure.gravatar.com\/avatar\/a10c8b1311960021476ae00ab23f9976c978bd1f686cd2cfa0b65e1754d44411?s=96&d=mm&r=g","caption":"Roberto Zago Sartori"},"url":"https:\/\/lazer.pnn.lat\/index.php\/author\/roberto-zago-sartori\/"}]}},"_links":{"self":[{"href":"https:\/\/lazer.pnn.lat\/index.php\/wp-json\/wp\/v2\/posts\/15","targetHints":{"allow":["GET"]}}],"collection":[{"href":"https:\/\/lazer.pnn.lat\/index.php\/wp-json\/wp\/v2\/posts"}],"about":[{"href":"https:\/\/lazer.pnn.lat\/index.php\/wp-json\/wp\/v2\/types\/post"}],"author":[{"embeddable":true,"href":"https:\/\/lazer.pnn.lat\/index.php\/wp-json\/wp\/v2\/users\/2"}],"replies":[{"embeddable":true,"href":"https:\/\/lazer.pnn.lat\/index.php\/wp-json\/wp\/v2\/comments?post=15"}],"version-history":[{"count":2,"href":"https:\/\/lazer.pnn.lat\/index.php\/wp-json\/wp\/v2\/posts\/15\/revisions"}],"predecessor-version":[{"id":45,"href":"https:\/\/lazer.pnn.lat\/index.php\/wp-json\/wp\/v2\/posts\/15\/revisions\/45"}],"wp:featuredmedia":[{"embeddable":true,"href":"https:\/\/lazer.pnn.lat\/index.php\/wp-json\/wp\/v2\/media\/13"}],"wp:attachment":[{"href":"https:\/\/lazer.pnn.lat\/index.php\/wp-json\/wp\/v2\/media?parent=15"}],"wp:term":[{"taxonomy":"category","embeddable":true,"href":"https:\/\/lazer.pnn.lat\/index.php\/wp-json\/wp\/v2\/categories?post=15"},{"taxonomy":"post_tag","embeddable":true,"href":"https:\/\/lazer.pnn.lat\/index.php\/wp-json\/wp\/v2\/tags?post=15"}],"curies":[{"name":"wp","href":"https:\/\/api.w.org\/{rel}","templated":true}]}}