{"id":29,"date":"2026-09-05T22:14:03","date_gmt":"2026-09-06T01:14:03","guid":{"rendered":"https:\/\/lazer.pnn.lat\/?p=29"},"modified":"2026-09-06T04:45:32","modified_gmt":"2026-09-06T07:45:32","slug":"classico-no-maracana-entre-a-emocao-do-futebol-e-a-experiencia-cultural-de-um-rio-transformado","status":"publish","type":"post","link":"https:\/\/lazer.pnn.lat\/index.php\/2026\/09\/05\/classico-no-maracana-entre-a-emocao-do-futebol-e-a-experiencia-cultural-de-um-rio-transformado\/","title":{"rendered":"Cl\u00e1ssico no Maracan\u00e3: entre a emo\u00e7\u00e3o do futebol e a experi\u00eancia cultural de um Rio transformado"},"content":{"rendered":"\n<figure class=\"wp-block-image\"><img decoding=\"async\" src=\"https:\/\/lazer.pnn.lat\/wp-content\/uploads\/2026\/09\/jotha-jotha-a49e2109-featured_00001_-1.webp\" alt=\"Cl\u00e1ssico no Maracan\u00e3: entre a emo\u00e7\u00e3o do futebol e a experi\u00eancia cultural de um Rio transformado\"\/><\/figure>\n\n\n\n<figure class=\"wp-block-image\"><img decoding=\"async\" src=\"https:\/\/lazer.pnn.lat\/wp-content\/uploads\/2026\/09\/jotha-jotha-ed24e0b5-infographic_00001_-1.webp\" alt=\"Infogr\u00e1fico - Cl\u00e1ssico no Maracan\u00e3: entre a emo\u00e7\u00e3o do futebol e a experi\u00eancia cultural de um Rio transformado\"\/><\/figure>\n\n\n\n<h2 class=\"wp-block-heading\">Cl\u00e1ssico no Maracan\u00e3: entre a emo\u00e7\u00e3o do futebol e a experi\u00eancia cultural de um Rio transformado<\/h2>\n\n\n\n<p class=\"wp-block-paragraph\">O Est\u00e1dio Nacional Man\u00e9 Garrincha respira uma energia que transcende o simples esporte. Quando o Fluminense recebe o Vasco em terras cariocas, o Maracan\u00e3 se transforma num palco onde hist\u00f3ria, identidade e paix\u00e3o se encontram para celebrar algo muito maior do que apenas um placar final. Al\u00e9m disso, essa partida representa um encontro de mem\u00f3rias e emo\u00e7\u00f5es vividas por gera\u00e7\u00f5es de torcedores que transformaram a torcida em parte da nossa cultura pop nacional.<\/p>\n\n\n\n<p class=\"wp-block-paragraph\">A atra\u00e7\u00e3o \u00e9 indiscut\u00edvel porque envolve dois gigantes do futebol brasileiro, mas tamb\u00e9m porque o ambiente urbano ao redor do est\u00e1dio vive uma transforma\u00e7\u00e3o especial antes e depois do jogo. Por outro lado, o que muitos n\u00e3o sabem \u00e9 que a experi\u00eancia de assistir a esses times se expande para a gastronomia, pela regi\u00e3o, pelas lojas e por eventos paralelos que acontecem na cidade durante esse fim de semana espec\u00edfico.<\/p>\n\n\n\n<h3 class=\"wp-block-heading\">A for\u00e7a da torcida como fen\u00f4meno cultural<\/h3>\n\n\n\n<p class=\"wp-block-paragraph\">A torcida organizada no Rio de Janeiro \u00e9 um dos maiores movimentos sociais de entretenimento do pa\u00eds. No entanto, o que muitas vezes passa despercebido \u00e9 como esses grupos influenciam a economia local e a din\u00e2mica urbana. Ademais, ter milhares de pessoas vestindo as cores de suas equipes gera uma movimenta\u00e7\u00e3o na economia que beneficia hot\u00e9is, restaurantes e transportes locais.<\/p>\n\n\n\n<p class=\"wp-block-paragraph\">Por exemplo, no cl\u00e1ssico deste fim de semana, estima-se que mais de tr\u00eas mil pessoas se deslocar\u00e3o para a regi\u00e3o do Rio Comprido. Contudo, o impacto n\u00e3o se limita \u00e0 entrada nos est\u00e1dios. A presen\u00e7a da torcida estimula vendas em com\u00e9rcio local e promove uma atmosfera \u00fanica que mistura cultura urbana e paix\u00e3o esportiva.<\/p>\n\n\n\n<h3 class=\"wp-block-heading\">Comparativo estat\u00edstico entre os times<\/h3>\n\n\n\n<p class=\"wp-block-paragraph\">Para entender a magnitude deste duelo, \u00e9 \u00fatil observar como esses dois clubes se posicionam historicamente. Ambos possuem ricas trajet\u00f3rias, mas com realidades distintas em rela\u00e7\u00e3o \u00e0 estrutura de torcida e apoio institucional recente. A seguir, apresentamos dados comparativos sobre as duas institui\u00e7\u00f5es esportivas mais tradicionais da capital fluminense.<\/p>\n\n\n\n<figure class=\"wp-block-table jotha-table\"><table class=\"has-fixed-layout\"><thead><tr><th class=\"has-text-align-center\" data-align=\"center\">Categoria<\/th><th class=\"has-text-align-center\" data-align=\"center\">Fluminense FC<\/th><th class=\"has-text-align-center\" data-align=\"center\">Vasco da Gama<\/th><\/tr><\/thead><tbody><tr><td>Funda\u00e7\u00e3o<\/td><td>24 de mar\u00e7o de 1902<\/td><td>28 de abril de 1898<\/td><\/tr><tr><td>T\u00edtulos Brasileiros<\/td><td>1 (1982)<\/td><td>0 (\u00faltimo t\u00edtulo em 1966)<\/td><\/tr><tr><td>T\u00edtulos do Rio de Janeiro<\/td><td>23 (\u00faltimo em 2024)<\/td><td>29 (\u00faltimo em 2011)<\/td><\/tr><tr><td>Capacidade da Tufan<\/td><td>~45.000 espectadores<\/td><td>~53.000 espectadores no S\u00e3o Janu\u00e1rio<\/td><\/tr><\/tbody><\/table><\/figure>\n\n\n\n<p class=\"wp-block-paragraph\">Inclusive, esses n\u00fameros ajudam a contextualizar por que o cl\u00e1ssico \u00e9 t\u00e3o disputado. A rivalidade n\u00e3o se resume apenas \u00e0 tabela de classifica\u00e7\u00e3o do Campeonato Brasileiro, mas sim aos bastidores de uma disputa hist\u00f3rica que envolve honra e tradi\u00e7\u00e3o. Em contrapartida, a torcida vasca\u00edna tem sido particularmente ativa na defesa da sua identidade contra transforma\u00e7\u00f5es recentes no clube, o que torna qualquer confronto mais intenso emocionalmente.<\/p>\n\n\n\n<h3 class=\"wp-block-heading\">A experi\u00eancia gastron\u00f4mica e cultural ao redor do Maracan\u00e3<\/h3>\n\n\n\n<p class=\"wp-block-paragraph\">Um cl\u00e1ssico nunca \u00e9 apenas sobre assistir a um jogo. Ele se transforma em uma experi\u00eancia urbana completa. No entanto, a regi\u00e3o pr\u00f3xima \u00e0 entrada principal oferece diversas op\u00e7\u00f5es de gastronomia que variam desde lanches r\u00e1pidos at\u00e9 restaurantes t\u00edpicos da culin\u00e1ria carioca. Por exemplo, h\u00e1 pontos onde voc\u00ea pode encontrar sandu\u00edches gigantes e churrascos que s\u00e3o perfeitos para acompanhar o calor do est\u00e1dio antes da partida come\u00e7ar.<\/p>\n\n\n\n<p class=\"wp-block-paragraph\">Al\u00e9m disso, a \u00e1rea ao redor oferece uma oportunidade imersiva de turismo cultural. Muitos visitantes aproveitam para explorar museus pr\u00f3ximos ou visitar o Museu Hist\u00f3rico Nacional, que fica a poucos quarteir\u00f5es do est\u00e1dio. Dessa forma, \u00e9 poss\u00edvel combinar entretenimento esportivo com descobertas art\u00edsticas e hist\u00f3ricas durante o mesmo dia.<\/p>\n\n\n\n<h3 class=\"wp-block-heading\">Log\u00edstica, seguran\u00e7a e dicas de viagem<\/h3>\n\n\n\n<p class=\"wp-block-paragraph\">A organiza\u00e7\u00e3o para receber um cl\u00e1ssico do tamanho desse exige planejamento pr\u00e9vio por parte da prefeitura e dos times. Todavia, as informa\u00e7\u00f5es oficiais s\u00e3o sempre a melhor fonte para garantir uma visita tranquila. Por outro lado, \u00e9 importante considerar o deslocamento, pois o transporte p\u00fablico na regi\u00e3o costuma sofrer congestionamentos antes das partidas de fim de semana.<\/p>\n\n\n\n<p class=\"wp-block-paragraph\">Abaixo, um guia pr\u00e1tico com informa\u00e7\u00f5es sobre pre\u00e7os m\u00e9dios e op\u00e7\u00f5es de hospedagem pr\u00f3ximas ao est\u00e1dio para ajudar os torcedores a se planejar melhor:<\/p>\n\n\n\n<figure class=\"wp-block-table jotha-table\"><table class=\"has-fixed-layout\"><thead><tr><th class=\"has-text-align-center\" data-align=\"center\">Tipo de Servi\u00e7o<\/th><th class=\"has-text-align-center\" data-align=\"center\">Op\u00e7\u00e3o Econ\u00f4mica (Pre\u00e7o M\u00e9dio)<\/th><th class=\"has-text-align-center\" data-align=\"center\">Op\u00e7\u00e3o Premium \/ Conforto<\/th><\/tr><\/thead><tbody><tr><td><strong>Venda de Ingressos (camisa x\u00e9rox)<\/strong><\/td><td>R$ 25,00 a R$ 45,00<\/td><td>R$ 90,00 a R$ 120,00 (assentos centrais)<\/td><\/tr><tr><td><strong>Hospedagem (Hotel pr\u00f3ximo)<\/strong><\/td><td>R$ 200,00 por noite<\/td><td>R$ 450,00 por noite (com vista)<\/td><\/tr><tr><td><strong>Jantar no Centro da Cidade<\/strong><\/td><td>Prato principal por R$ 35,00<\/td><td>Menu degusta\u00e7\u00e3o por R$ 98,00<\/td><\/tr><tr><td><strong>Taxi \/ App de Transporte<\/strong><\/td><td>R$ 18,00 a R$ 25,00 por viagem<\/td><td>Transporte particular ou VIP<\/td><\/tr><\/tbody><\/table><\/figure>\n\n\n\n<p class=\"wp-block-paragraph\">Por conseguinte, ao planejar sua ida para o cl\u00e1ssico, \u00e9 essencial reservar com anteced\u00eancia. A demanda por hospedagem e ingressos costuma subir significativamente quando h\u00e1 cl\u00e1ssicos de alto n\u00edvel envolvidos. Ainda assim, mesmo com pre\u00e7os mais elevados, a experi\u00eancia de vivenciar esse momento no Maracan\u00e3 vale cada centavo investido na viagem.<\/p>\n\n\n\n<h3 class=\"wp-block-heading\">Conclus\u00e3o: um evento que conecta gera\u00e7\u00f5es<\/h3>\n\n\n\n<p class=\"wp-block-paragraph\">Em suma, o cl\u00e1ssico Fluminense x Vasco \u00e9 muito mais do que um jogo entre duas equipes. Ele representa um momento em que a cultura popular brasileira se manifesta de forma vibrante e apaixonada. Atrav\u00e9s do futebol, essas torcidas compartilham mem\u00f3rias comuns e reafirmam identidades dentro da cidade.<\/p>\n\n\n\n<p class=\"wp-block-paragraph\">Ainda assim, o esporte funciona como uma janela para outras dimens\u00f5es da vida urbana. Gastronomia, turismo, cultura e log\u00edstica s\u00e3o elementos que se entrela\u00e7am quando um grande evento esportivo acontece na capital. Por exemplo, a visita do visitante carrega consigo hist\u00f3rias pessoais que enriquecem o discurso sobre engajamento comunit\u00e1rio e lazer cultural.<\/p>\n\n\n\n<p class=\"wp-block-paragraph\">No entanto, independentemente de qual lado voc\u00ea apoia, o cl\u00e1ssico \u00e9 uma oportunidade \u00fanica de celebra\u00e7\u00e3o coletiva. Ao visitar o Maracan\u00e3 nesse fim de semana, voc\u00ea n\u00e3o apenas assiste a um jogo, mas participa de um ritual que conecta gera\u00e7\u00f5es e fortalece la\u00e7os afetivos com a cidade. Assim como qualquer boa obra de arte ou filme cl\u00e1ssico, essa partida ressoa profundamente porque toca em algo universal: o desejo de pertencer e celebrar juntos.<\/p>\n\n\n\n<h3 class=\"wp-block-heading\">Leia tambem<\/h3>\n\n\n\n<ul class=\"wp-block-list\">\n<li><a href=\"https:\/\/lazer.dnn.lat\/index.php\/2026\/09\/05\/fluminense-x-vasco-guia-de-turismo-para-o-classico-carioca-no-maracana\/\" target=\"_blank\" rel=\"noopener\">Fluminense x Vasco: Guia de Turismo para o Cl\u00e1ssico Carioca no Maracan\u00e3<\/a> <em>(lazer.dnn.lat)<\/em><\/li>\n\n\n\n<li><a href=\"https:\/\/esportes.pnn.lat\/2026\/09\/05\/como-o-ufc-paris-transformou-a-cena-do-esporte-internacional-e-o-que-isso-significa-para-o-brasil\/\" target=\"_blank\" rel=\"noopener\">Como o UFC Paris Transformou a Cena do Esporte Internacional e o Que Isso Significa para o Brasil<\/a> <em>(esportes.pnn.lat)<\/em><\/li>\n\n\n\n<li><a href=\"https:\/\/tec.pnn.lat\/inteligencia-artificial\/reencontros-virtuais-com-falecidos-como-a-ia-transforma-memorias-em-experiencias\/\" target=\"_blank\" rel=\"noopener\">Reencontros virtuais com falecidos: como a IA transforma mem\u00f3rias em experi\u00eancias<\/a> <em>(tec.pnn.lat)<\/em><\/li>\n\n\n\n<li><a href=\"http:\/\/pnn.lat\/ciencia-tecnologia\/inteligencia-artificial\/facebook-adota-experiencia-inspirada-no-instagram-e-transforma-como-usuarios-curtem-publicam-e-interagem-na-plataforma\/\" target=\"_blank\" rel=\"noopener\">Facebook adota experi\u00eancia inspirada no Instagram e transforma como usu\u00e1rios curtem, publicam e interagem na plataforma<\/a> <em>(pnn.lat)<\/em><\/li>\n\n\n\n<li><a href=\"https:\/\/lazer.pnn.lat\/index.php\/2026\/09\/05\/tcl-com-xbox-na-tv-veja-por-que-essa-parceria-muda-sua-experiencia-de-cinema-em-casa\/\" target=\"_blank\" rel=\"noopener\">TCL com Xbox na TV: veja por que essa parceria muda sua experi\u00eancia de cinema em casa<\/a> <em>(lazer.pnn.lat)<\/em><\/li>\n\n\n\n<li><a href=\"https:\/\/lazer.pnn.lat\/index.php\/2026\/09\/05\/lee-dong-wook-7-filmes-e-series-do-ator-coreano-que-sao-perfeitos-do-inicio-ao-fim-agora-na-netflix-brasil\/\" target=\"_blank\" rel=\"noopener\">Lee Dong-wook: 7 filmes e s\u00e9ries do ator coreano que s\u00e3o perfeitos do in\u00edcio ao fim \u2014 agora na Netflix Brasil<\/a> <em>(lazer.pnn.lat)<\/em><\/li>\n<\/ul>\n","protected":false},"excerpt":{"rendered":"<p>Cl\u00e1ssico no Maracan\u00e3: entre a emo\u00e7\u00e3o do futebol e a experi\u00eancia cultural de um Rio transformado O Est\u00e1dio Nacional Man\u00e9 Garrincha respira uma energia que transcende o simples esporte. Quando o Fluminense recebe o Vasco em terras cariocas, o Maracan\u00e3 se transforma num palco onde hist\u00f3ria, identidade e paix\u00e3o se encontram para celebrar algo muito [&hellip;]<\/p>\n","protected":false},"author":2,"featured_media":27,"comment_status":"closed","ping_status":"open","sticky":false,"template":"","format":"standard","meta":{"footnotes":""},"categories":[11],"tags":[36,38,35,18,37],"class_list":["post-29","post","type-post","status-publish","format-standard","has-post-thumbnail","hentry","category-compras-e-experiencias-urbanas","tag-classico","tag-emocao","tag-experiencia","tag-futebol","tag-maracana"],"yoast_head":"<!-- This site is optimized with the Yoast SEO plugin v28.4 - https:\/\/yoast.com\/product\/yoast-seo-wordpress\/ -->\n<title>Cl\u00e1ssico no Maracan\u00e3: entre a emo\u00e7\u00e3o do futebol e a experi\u00ean<\/title>\n<meta name=\"description\" content=\"Cl\u00e1ssico no Maracan\u00e3: entre a emo\u00e7\u00e3o do futebol e a experi\u00eancia cultural de um Rio transformado O Est\u00e1dio Nacional Man\u00e9 Garrincha respira uma energia...\" \/>\n<meta name=\"robots\" content=\"index, follow, max-snippet:-1, max-image-preview:large, max-video-preview:-1\" \/>\n<link rel=\"canonical\" href=\"\/classico-no-maracana-entre-a-emocao-do-futebol-e-a-experiencia-cultural-de-um-rio-transformado\/\" \/>\n<meta property=\"og:locale\" content=\"pt_BR\" \/>\n<meta property=\"og:type\" content=\"article\" \/>\n<meta property=\"og:title\" content=\"Cl\u00e1ssico no Maracan\u00e3: entre a emo\u00e7\u00e3o do futebol e a experi\u00eancia cultural de um Rio transformado\" \/>\n<meta property=\"og:description\" content=\"Cl\u00e1ssico no Maracan\u00e3: entre a emo\u00e7\u00e3o do futebol e a experi\u00eancia cultural de um Rio transformado O Est\u00e1dio Nacional Man\u00e9 Garrincha respira uma energia que transcende o simples espo...\" \/>\n<meta property=\"og:url\" content=\"\/classico-no-maracana-entre-a-emocao-do-futebol-e-a-experiencia-cultural-de-um-rio-transformado\/\" \/>\n<meta property=\"og:site_name\" content=\"pnn lazer\" \/>\n<meta property=\"article:published_time\" content=\"2026-09-06T01:14:03+00:00\" \/>\n<meta property=\"article:modified_time\" content=\"2026-09-06T07:45:32+00:00\" \/>\n<meta property=\"og:image\" content=\"https:\/\/lazer.pnn.lat\/wp-content\/uploads\/2026\/09\/jotha-jotha-a49e2109-featured_00001_-1.webp\" \/>\n\t<meta property=\"og:image:width\" content=\"1920\" \/>\n\t<meta property=\"og:image:height\" content=\"1080\" \/>\n\t<meta property=\"og:image:type\" content=\"image\/webp\" \/>\n<meta name=\"author\" content=\"Roberto Zago Sartori\" \/>\n<meta name=\"twitter:card\" content=\"summary_large_image\" \/>\n<meta name=\"twitter:title\" content=\"Cl\u00e1ssico no Maracan\u00e3: entre a emo\u00e7\u00e3o do futebol e a experi\u00eancia cultur\" \/>\n<meta name=\"twitter:description\" content=\"Cl\u00e1ssico no Maracan\u00e3: entre a emo\u00e7\u00e3o do futebol e a experi\u00eancia cultural de um Rio transformado O Est\u00e1dio Nacional Man\u00e9 Garrincha respira uma energia que transcende o simples espo...\" \/>\n<meta name=\"twitter:label1\" content=\"Escrito por\" \/>\n\t<meta name=\"twitter:data1\" content=\"Roberto Zago Sartori\" \/>\n\t<meta name=\"twitter:label2\" content=\"Est. tempo de leitura\" \/>\n\t<meta name=\"twitter:data2\" content=\"7 minutos\" \/>\n<script type=\"application\/ld+json\" class=\"yoast-schema-graph\">{\"@context\":\"https:\\\/\\\/schema.org\",\"@graph\":[{\"@type\":\"Article\",\"@id\":\"\\\/classico-no-maracana-entre-a-emocao-do-futebol-e-a-experiencia-cultural-de-um-rio-transformado\\\/#article\",\"isPartOf\":{\"@id\":\"https:\\\/\\\/lazer.pnn.lat\\\/index.php\\\/2026\\\/09\\\/05\\\/classico-no-maracana-entre-a-emocao-do-futebol-e-a-experiencia-cultural-de-um-rio-transformado\\\/\"},\"author\":{\"name\":\"Roberto Zago Sartori\",\"@id\":\"https:\\\/\\\/lazer.pnn.lat\\\/#\\\/schema\\\/person\\\/af90518b1094eb35fee29f07a2bbadcb\"},\"headline\":\"Cl\u00e1ssico no Maracan\u00e3: entre a emo\u00e7\u00e3o do futebol e a experi\u00eancia cultural de um Rio transformado\",\"datePublished\":\"2026-09-06T01:14:03+00:00\",\"dateModified\":\"2026-09-06T07:45:32+00:00\",\"mainEntityOfPage\":{\"@id\":\"https:\\\/\\\/lazer.pnn.lat\\\/index.php\\\/2026\\\/09\\\/05\\\/classico-no-maracana-entre-a-emocao-do-futebol-e-a-experiencia-cultural-de-um-rio-transformado\\\/\"},\"wordCount\":1185,\"image\":{\"@id\":\"\\\/classico-no-maracana-entre-a-emocao-do-futebol-e-a-experiencia-cultural-de-um-rio-transformado\\\/#primaryimage\"},\"thumbnailUrl\":\"https:\\\/\\\/lazer.pnn.lat\\\/wp-content\\\/uploads\\\/2026\\\/09\\\/jotha-jotha-a49e2109-featured_00001_-1.webp\",\"keywords\":[\"Cl\u00e1ssico\",\"Emo\u00e7\u00e3o\",\"Experi\u00eancia\",\"Futebol\",\"Maracan\u00e3\"],\"articleSection\":[\"COMPRAS E EXPERI\u00caNCIAS URBANAS\"],\"inLanguage\":\"pt-BR\"},{\"@type\":\"WebPage\",\"@id\":\"https:\\\/\\\/lazer.pnn.lat\\\/index.php\\\/2026\\\/09\\\/05\\\/classico-no-maracana-entre-a-emocao-do-futebol-e-a-experiencia-cultural-de-um-rio-transformado\\\/\",\"url\":\"\\\/classico-no-maracana-entre-a-emocao-do-futebol-e-a-experiencia-cultural-de-um-rio-transformado\\\/\",\"name\":\"Cl\u00e1ssico no Maracan\u00e3: entre a emo\u00e7\u00e3o do futebol e a experi\u00ean\",\"isPartOf\":{\"@id\":\"https:\\\/\\\/lazer.pnn.lat\\\/#website\"},\"primaryImageOfPage\":{\"@id\":\"\\\/classico-no-maracana-entre-a-emocao-do-futebol-e-a-experiencia-cultural-de-um-rio-transformado\\\/#primaryimage\"},\"image\":{\"@id\":\"\\\/classico-no-maracana-entre-a-emocao-do-futebol-e-a-experiencia-cultural-de-um-rio-transformado\\\/#primaryimage\"},\"thumbnailUrl\":\"https:\\\/\\\/lazer.pnn.lat\\\/wp-content\\\/uploads\\\/2026\\\/09\\\/jotha-jotha-a49e2109-featured_00001_-1.webp\",\"datePublished\":\"2026-09-06T01:14:03+00:00\",\"dateModified\":\"2026-09-06T07:45:32+00:00\",\"author\":{\"@id\":\"https:\\\/\\\/lazer.pnn.lat\\\/#\\\/schema\\\/person\\\/af90518b1094eb35fee29f07a2bbadcb\"},\"description\":\"Cl\u00e1ssico no Maracan\u00e3: entre a emo\u00e7\u00e3o do futebol e a experi\u00eancia cultural de um Rio transformado O Est\u00e1dio Nacional Man\u00e9 Garrincha respira uma energia...\",\"breadcrumb\":{\"@id\":\"\\\/classico-no-maracana-entre-a-emocao-do-futebol-e-a-experiencia-cultural-de-um-rio-transformado\\\/#breadcrumb\"},\"inLanguage\":\"pt-BR\",\"potentialAction\":[{\"@type\":\"ReadAction\",\"target\":[\"\\\/classico-no-maracana-entre-a-emocao-do-futebol-e-a-experiencia-cultural-de-um-rio-transformado\\\/\"]}]},{\"@type\":\"ImageObject\",\"inLanguage\":\"pt-BR\",\"@id\":\"\\\/classico-no-maracana-entre-a-emocao-do-futebol-e-a-experiencia-cultural-de-um-rio-transformado\\\/#primaryimage\",\"url\":\"https:\\\/\\\/lazer.pnn.lat\\\/wp-content\\\/uploads\\\/2026\\\/09\\\/jotha-jotha-a49e2109-featured_00001_-1.webp\",\"contentUrl\":\"https:\\\/\\\/lazer.pnn.lat\\\/wp-content\\\/uploads\\\/2026\\\/09\\\/jotha-jotha-a49e2109-featured_00001_-1.webp\",\"width\":1920,\"height\":1080},{\"@type\":\"BreadcrumbList\",\"@id\":\"\\\/classico-no-maracana-entre-a-emocao-do-futebol-e-a-experiencia-cultural-de-um-rio-transformado\\\/#breadcrumb\",\"itemListElement\":[{\"@type\":\"ListItem\",\"position\":1,\"name\":\"Home\",\"item\":\"https:\\\/\\\/lazer.pnn.lat\\\/\"},{\"@type\":\"ListItem\",\"position\":2,\"name\":\"Cl\u00e1ssico no Maracan\u00e3: entre a emo\u00e7\u00e3o do futebol e a experi\u00eancia cultural de um Rio transformado\"}]},{\"@type\":\"WebSite\",\"@id\":\"https:\\\/\\\/lazer.pnn.lat\\\/#website\",\"url\":\"https:\\\/\\\/lazer.pnn.lat\\\/\",\"name\":\"pnn lazer\",\"description\":\"\",\"potentialAction\":[{\"@type\":\"SearchAction\",\"target\":{\"@type\":\"EntryPoint\",\"urlTemplate\":\"https:\\\/\\\/lazer.pnn.lat\\\/?s={search_term_string}\"},\"query-input\":{\"@type\":\"PropertyValueSpecification\",\"valueRequired\":true,\"valueName\":\"search_term_string\"}}],\"inLanguage\":\"pt-BR\"},{\"@type\":\"Person\",\"@id\":\"https:\\\/\\\/lazer.pnn.lat\\\/#\\\/schema\\\/person\\\/af90518b1094eb35fee29f07a2bbadcb\",\"name\":\"Roberto Zago Sartori\",\"image\":{\"@type\":\"ImageObject\",\"inLanguage\":\"pt-BR\",\"@id\":\"https:\\\/\\\/secure.gravatar.com\\\/avatar\\\/a10c8b1311960021476ae00ab23f9976c978bd1f686cd2cfa0b65e1754d44411?s=96&d=mm&r=g\",\"url\":\"https:\\\/\\\/secure.gravatar.com\\\/avatar\\\/a10c8b1311960021476ae00ab23f9976c978bd1f686cd2cfa0b65e1754d44411?s=96&d=mm&r=g\",\"contentUrl\":\"https:\\\/\\\/secure.gravatar.com\\\/avatar\\\/a10c8b1311960021476ae00ab23f9976c978bd1f686cd2cfa0b65e1754d44411?s=96&d=mm&r=g\",\"caption\":\"Roberto Zago Sartori\"},\"url\":\"https:\\\/\\\/lazer.pnn.lat\\\/index.php\\\/author\\\/roberto-zago-sartori\\\/\"}]}<\/script>\n<!-- \/ Yoast SEO plugin. -->","yoast_head_json":{"title":"Cl\u00e1ssico no Maracan\u00e3: entre a emo\u00e7\u00e3o do futebol e a experi\u00ean","description":"Cl\u00e1ssico no Maracan\u00e3: entre a emo\u00e7\u00e3o do futebol e a experi\u00eancia cultural de um Rio transformado O Est\u00e1dio Nacional Man\u00e9 Garrincha respira uma energia...","robots":{"index":"index","follow":"follow","max-snippet":"max-snippet:-1","max-image-preview":"max-image-preview:large","max-video-preview":"max-video-preview:-1"},"canonical":"\/classico-no-maracana-entre-a-emocao-do-futebol-e-a-experiencia-cultural-de-um-rio-transformado\/","og_locale":"pt_BR","og_type":"article","og_title":"Cl\u00e1ssico no Maracan\u00e3: entre a emo\u00e7\u00e3o do futebol e a experi\u00eancia cultural de um Rio transformado","og_description":"Cl\u00e1ssico no Maracan\u00e3: entre a emo\u00e7\u00e3o do futebol e a experi\u00eancia cultural de um Rio transformado O Est\u00e1dio Nacional Man\u00e9 Garrincha respira uma energia que transcende o simples espo...","og_url":"\/classico-no-maracana-entre-a-emocao-do-futebol-e-a-experiencia-cultural-de-um-rio-transformado\/","og_site_name":"pnn lazer","article_published_time":"2026-09-06T01:14:03+00:00","article_modified_time":"2026-09-06T07:45:32+00:00","og_image":[{"width":1920,"height":1080,"url":"https:\/\/lazer.pnn.lat\/wp-content\/uploads\/2026\/09\/jotha-jotha-a49e2109-featured_00001_-1.webp","type":"image\/webp"}],"author":"Roberto Zago Sartori","twitter_card":"summary_large_image","twitter_title":"Cl\u00e1ssico no Maracan\u00e3: entre a emo\u00e7\u00e3o do futebol e a experi\u00eancia cultur","twitter_description":"Cl\u00e1ssico no Maracan\u00e3: entre a emo\u00e7\u00e3o do futebol e a experi\u00eancia cultural de um Rio transformado O Est\u00e1dio Nacional Man\u00e9 Garrincha respira uma energia que transcende o simples espo...","twitter_misc":{"Escrito por":"Roberto Zago Sartori","Est. tempo de leitura":"7 minutos"},"schema":{"@context":"https:\/\/schema.org","@graph":[{"@type":"Article","@id":"\/classico-no-maracana-entre-a-emocao-do-futebol-e-a-experiencia-cultural-de-um-rio-transformado\/#article","isPartOf":{"@id":"https:\/\/lazer.pnn.lat\/index.php\/2026\/09\/05\/classico-no-maracana-entre-a-emocao-do-futebol-e-a-experiencia-cultural-de-um-rio-transformado\/"},"author":{"name":"Roberto Zago Sartori","@id":"https:\/\/lazer.pnn.lat\/#\/schema\/person\/af90518b1094eb35fee29f07a2bbadcb"},"headline":"Cl\u00e1ssico no Maracan\u00e3: entre a emo\u00e7\u00e3o do futebol e a experi\u00eancia cultural de um Rio transformado","datePublished":"2026-09-06T01:14:03+00:00","dateModified":"2026-09-06T07:45:32+00:00","mainEntityOfPage":{"@id":"https:\/\/lazer.pnn.lat\/index.php\/2026\/09\/05\/classico-no-maracana-entre-a-emocao-do-futebol-e-a-experiencia-cultural-de-um-rio-transformado\/"},"wordCount":1185,"image":{"@id":"\/classico-no-maracana-entre-a-emocao-do-futebol-e-a-experiencia-cultural-de-um-rio-transformado\/#primaryimage"},"thumbnailUrl":"https:\/\/lazer.pnn.lat\/wp-content\/uploads\/2026\/09\/jotha-jotha-a49e2109-featured_00001_-1.webp","keywords":["Cl\u00e1ssico","Emo\u00e7\u00e3o","Experi\u00eancia","Futebol","Maracan\u00e3"],"articleSection":["COMPRAS E EXPERI\u00caNCIAS URBANAS"],"inLanguage":"pt-BR"},{"@type":"WebPage","@id":"https:\/\/lazer.pnn.lat\/index.php\/2026\/09\/05\/classico-no-maracana-entre-a-emocao-do-futebol-e-a-experiencia-cultural-de-um-rio-transformado\/","url":"\/classico-no-maracana-entre-a-emocao-do-futebol-e-a-experiencia-cultural-de-um-rio-transformado\/","name":"Cl\u00e1ssico no Maracan\u00e3: entre a emo\u00e7\u00e3o do futebol e a experi\u00ean","isPartOf":{"@id":"https:\/\/lazer.pnn.lat\/#website"},"primaryImageOfPage":{"@id":"\/classico-no-maracana-entre-a-emocao-do-futebol-e-a-experiencia-cultural-de-um-rio-transformado\/#primaryimage"},"image":{"@id":"\/classico-no-maracana-entre-a-emocao-do-futebol-e-a-experiencia-cultural-de-um-rio-transformado\/#primaryimage"},"thumbnailUrl":"https:\/\/lazer.pnn.lat\/wp-content\/uploads\/2026\/09\/jotha-jotha-a49e2109-featured_00001_-1.webp","datePublished":"2026-09-06T01:14:03+00:00","dateModified":"2026-09-06T07:45:32+00:00","author":{"@id":"https:\/\/lazer.pnn.lat\/#\/schema\/person\/af90518b1094eb35fee29f07a2bbadcb"},"description":"Cl\u00e1ssico no Maracan\u00e3: entre a emo\u00e7\u00e3o do futebol e a experi\u00eancia cultural de um Rio transformado O Est\u00e1dio Nacional Man\u00e9 Garrincha respira uma energia...","breadcrumb":{"@id":"\/classico-no-maracana-entre-a-emocao-do-futebol-e-a-experiencia-cultural-de-um-rio-transformado\/#breadcrumb"},"inLanguage":"pt-BR","potentialAction":[{"@type":"ReadAction","target":["\/classico-no-maracana-entre-a-emocao-do-futebol-e-a-experiencia-cultural-de-um-rio-transformado\/"]}]},{"@type":"ImageObject","inLanguage":"pt-BR","@id":"\/classico-no-maracana-entre-a-emocao-do-futebol-e-a-experiencia-cultural-de-um-rio-transformado\/#primaryimage","url":"https:\/\/lazer.pnn.lat\/wp-content\/uploads\/2026\/09\/jotha-jotha-a49e2109-featured_00001_-1.webp","contentUrl":"https:\/\/lazer.pnn.lat\/wp-content\/uploads\/2026\/09\/jotha-jotha-a49e2109-featured_00001_-1.webp","width":1920,"height":1080},{"@type":"BreadcrumbList","@id":"\/classico-no-maracana-entre-a-emocao-do-futebol-e-a-experiencia-cultural-de-um-rio-transformado\/#breadcrumb","itemListElement":[{"@type":"ListItem","position":1,"name":"Home","item":"https:\/\/lazer.pnn.lat\/"},{"@type":"ListItem","position":2,"name":"Cl\u00e1ssico no Maracan\u00e3: entre a emo\u00e7\u00e3o do futebol e a experi\u00eancia cultural de um Rio transformado"}]},{"@type":"WebSite","@id":"https:\/\/lazer.pnn.lat\/#website","url":"https:\/\/lazer.pnn.lat\/","name":"pnn lazer","description":"","potentialAction":[{"@type":"SearchAction","target":{"@type":"EntryPoint","urlTemplate":"https:\/\/lazer.pnn.lat\/?s={search_term_string}"},"query-input":{"@type":"PropertyValueSpecification","valueRequired":true,"valueName":"search_term_string"}}],"inLanguage":"pt-BR"},{"@type":"Person","@id":"https:\/\/lazer.pnn.lat\/#\/schema\/person\/af90518b1094eb35fee29f07a2bbadcb","name":"Roberto Zago Sartori","image":{"@type":"ImageObject","inLanguage":"pt-BR","@id":"https:\/\/secure.gravatar.com\/avatar\/a10c8b1311960021476ae00ab23f9976c978bd1f686cd2cfa0b65e1754d44411?s=96&d=mm&r=g","url":"https:\/\/secure.gravatar.com\/avatar\/a10c8b1311960021476ae00ab23f9976c978bd1f686cd2cfa0b65e1754d44411?s=96&d=mm&r=g","contentUrl":"https:\/\/secure.gravatar.com\/avatar\/a10c8b1311960021476ae00ab23f9976c978bd1f686cd2cfa0b65e1754d44411?s=96&d=mm&r=g","caption":"Roberto Zago Sartori"},"url":"https:\/\/lazer.pnn.lat\/index.php\/author\/roberto-zago-sartori\/"}]}},"_links":{"self":[{"href":"https:\/\/lazer.pnn.lat\/index.php\/wp-json\/wp\/v2\/posts\/29","targetHints":{"allow":["GET"]}}],"collection":[{"href":"https:\/\/lazer.pnn.lat\/index.php\/wp-json\/wp\/v2\/posts"}],"about":[{"href":"https:\/\/lazer.pnn.lat\/index.php\/wp-json\/wp\/v2\/types\/post"}],"author":[{"embeddable":true,"href":"https:\/\/lazer.pnn.lat\/index.php\/wp-json\/wp\/v2\/users\/2"}],"replies":[{"embeddable":true,"href":"https:\/\/lazer.pnn.lat\/index.php\/wp-json\/wp\/v2\/comments?post=29"}],"version-history":[{"count":2,"href":"https:\/\/lazer.pnn.lat\/index.php\/wp-json\/wp\/v2\/posts\/29\/revisions"}],"predecessor-version":[{"id":42,"href":"https:\/\/lazer.pnn.lat\/index.php\/wp-json\/wp\/v2\/posts\/29\/revisions\/42"}],"wp:featuredmedia":[{"embeddable":true,"href":"https:\/\/lazer.pnn.lat\/index.php\/wp-json\/wp\/v2\/media\/27"}],"wp:attachment":[{"href":"https:\/\/lazer.pnn.lat\/index.php\/wp-json\/wp\/v2\/media?parent=29"}],"wp:term":[{"taxonomy":"category","embeddable":true,"href":"https:\/\/lazer.pnn.lat\/index.php\/wp-json\/wp\/v2\/categories?post=29"},{"taxonomy":"post_tag","embeddable":true,"href":"https:\/\/lazer.pnn.lat\/index.php\/wp-json\/wp\/v2\/tags?post=29"}],"curies":[{"name":"wp","href":"https:\/\/api.w.org\/{rel}","templated":true}]}}